{"id":55610,"date":"2019-06-17T15:41:09","date_gmt":"2019-06-17T13:41:09","guid":{"rendered":"https:\/\/dev.experimenta.es\/tienda\/?p=55610"},"modified":"2019-08-28T11:46:48","modified_gmt":"2019-08-28T09:46:48","slug":"ejemplo-de-post-del-blog","status":"publish","type":"post","link":"https:\/\/www.experimenta.es\/tienda\/blog\/ejemplo-de-post-del-blog\/","title":{"rendered":"Sill\u00f3n 115, de Pedro Miralles. Breve historia de un cl\u00e1sico."},"content":{"rendered":"\n<p><strong>Pedro Miralles Claver<\/strong>&nbsp;(Valencia, 1955- 1993) inici\u00f3 su andadura por el mundo del&nbsp;<strong>dise\u00f1o industrial<\/strong>&nbsp;durante los primeros a\u00f1os de la d\u00e9cada de los ochenta. Tras finalizar sus estudios de arquitectura, y despu\u00e9s de trabajar unas temporadas para el famoso&nbsp;<strong>dise\u00f1ador de moda, Jes\u00fas del Pozo,<\/strong>funda su propio estudio de dise\u00f1o en la calle Canillas de Madrid, al que bautiz\u00f3 con el nombre de<strong>&nbsp;Nuevas Manufacturas (NMF)<\/strong>. Emplazamiento donde el dise\u00f1ador dio vida a cada uno de sus 42 proyectos, entre ellos el aqu\u00ed presentado,&nbsp;<strong>Sill\u00f3n 115<\/strong>.<\/p>\n\n\n\n<p>El&nbsp;<strong>Sill\u00f3n 115<\/strong>&nbsp;fue editado en 1986 por el reconocido galerista de Valencia,&nbsp;<strong>Luis Adelantado<\/strong>. Un pieza que, si bien no consigui\u00f3 ser comercializada y distribuida a escala, tal y como lo lograron algunas de sus otras obras, s\u00ed se trata de una pieza cautivadora a la par que atractiva, gracias a su precisi\u00f3n est\u00e9tica y capacidad l\u00fadica y funcional. Aspectos que vienen definidos, tanto por la sencillez de sus formas, como a la robustez de su conjunto al mismo tiempo que por el preciado confort que ofrece al usuario. Este \u00faltimo debido a la precisa disposici\u00f3n del asiento y el respaldo, invitando ambos a un descanso total del usuario al que se le ofrece una posici\u00f3n de semitumbado con la que parece emular la butaca de un tren a alta velocidad. Esta \u00faltima sensaci\u00f3n, funcional y visual, es fruto de una influencia directa por parte del denominado&nbsp;<strong>bolidismo italiano<\/strong>, cuyo objetivo era transmitir la sensaci\u00f3n de velocidad al usuario a trav\u00e9s del perfil formal del objeto, incluso sin que se hiciera uso directo de \u00e9l. Caracter\u00edsticas a las que debemos sumar la sobriedad y calidad material con la que Miralles sol\u00eda dotar a cada una de sus piezas, dejando el acabado final en manos del propio usuario.<\/p>\n\n\n\n<div class=\"wp-block-image\"><figure class=\"aligncenter\"><img loading=\"lazy\" decoding=\"async\" width=\"803\" height=\"460\" src=\"https:\/\/dev.experimenta.es\/tienda\/wp-content\/uploads\/2019\/08\/blog-sillon115dibujo-prueba.jpg\" alt=\"\" class=\"wp-image-55998\" srcset=\"https:\/\/www.experimenta.es\/tienda\/wp-content\/uploads\/2019\/08\/blog-sillon115dibujo-prueba.jpg 803w, https:\/\/www.experimenta.es\/tienda\/wp-content\/uploads\/2019\/08\/blog-sillon115dibujo-prueba-350x200.jpg 350w, https:\/\/www.experimenta.es\/tienda\/wp-content\/uploads\/2019\/08\/blog-sillon115dibujo-prueba-680x390.jpg 680w, https:\/\/www.experimenta.es\/tienda\/wp-content\/uploads\/2019\/08\/blog-sillon115dibujo-prueba-768x440.jpg 768w\" sizes=\"(max-width: 803px) 100vw, 803px\" \/><\/figure><\/div>\n\n\n\n<p><\/p>\n\n\n\n<h4 class=\"wp-block-heading\">Un sitio confortable para descansar<\/h4>\n\n\n\n<p>Robustez, confort y dinamismo son aspecto que definen el Sill\u00f3n 115, caracter\u00edsticas que el&nbsp;<strong>historiador y amigo de Pedro Miralles, Arturo Ruiz<\/strong>, supo identificar para redactar con precisi\u00f3n el texto dedicado al conjunto, que el dise\u00f1ador le solicit\u00f3. Texto en el que Ruiz, ensalz\u00f3 el valor de su confort sin menoscabar su significado est\u00e9tico, logrando definir al detalle la raz\u00f3n de ser del objeto. \u201cQuien busque un sitio confortable para descansar un rato y estar sin hacer nada, se fijar\u00e1 en este sill\u00f3n\u201d.<\/p>\n\n\n<div data-block-name=\"woocommerce\/handpicked-products\" data-edit-mode=\"false\" data-products=\"[47442]\" class=\"wc-block-grid wp-block-handpicked-products wc-block-handpicked-products has-3-columns has-multiple-rows\"><ul class=\"wc-block-grid__products\"><li class=\"wc-block-grid__product\">\n\t\t\t\t<a href=\"https:\/\/www.experimenta.es\/tienda\/producto\/pedro-miralles-diseno-y-emocion-el-legado-de-una-decada-1983-1993\/\" class=\"wc-block-grid__product-link\">\n\t\t\t\t\t<div class=\"wc-block-grid__product-onsale\">\n\t\t\t<span aria-hidden=\"true\">Oferta<\/span>\n\t\t\t<span class=\"screen-reader-text\">Producto en oferta<\/span>\n\t\t<\/div>\n\t\t\t\t\t<div class=\"wc-block-grid__product-image\"><img loading=\"lazy\" decoding=\"async\" width=\"350\" height=\"434\" src=\"https:\/\/www.experimenta.es\/tienda\/wp-content\/uploads\/2018\/09\/MIRALLES-PORTADA-TIENDA-BIG-350x434.jpg\" class=\"attachment-woocommerce_thumbnail size-woocommerce_thumbnail\" alt=\"Pedro Miralles. Dise\u00f1o y Emoci\u00f3n. El Legado de una d\u00e9cada (1983 \u2013 1993)\" srcset=\"https:\/\/www.experimenta.es\/tienda\/wp-content\/uploads\/2018\/09\/MIRALLES-PORTADA-TIENDA-BIG-350x434.jpg 350w, https:\/\/www.experimenta.es\/tienda\/wp-content\/uploads\/2018\/09\/MIRALLES-PORTADA-TIENDA-BIG-680x844.jpg 680w, https:\/\/www.experimenta.es\/tienda\/wp-content\/uploads\/2018\/09\/MIRALLES-PORTADA-TIENDA-BIG-768x953.jpg 768w, https:\/\/www.experimenta.es\/tienda\/wp-content\/uploads\/2018\/09\/MIRALLES-PORTADA-TIENDA-BIG.jpg 1280w\" sizes=\"(max-width: 350px) 100vw, 350px\" \/><\/div>\n\t\t\t\t\t<div class=\"wc-block-grid__product-title\">Pedro Miralles. Dise\u00f1o y Emoci\u00f3n. El Legado de una d\u00e9cada (1983 \u2013 1993)<\/div>\n\t\t\t\t<\/a>\n\t\t\t\t<div class=\"wc-block-grid__product-price price\"><del aria-hidden=\"true\"><span class=\"woocommerce-Price-amount amount\">25,00<span class=\"woocommerce-Price-currencySymbol\">&euro;<\/span><\/span><\/del> <ins><span class=\"woocommerce-Price-amount amount\">23,75<span class=\"woocommerce-Price-currencySymbol\">&euro;<\/span><\/span><\/ins><\/div>\n\t\t\t\t\n\t\t\t\t<div class=\"wp-block-button wc-block-grid__product-add-to-cart\"><a href=\"?add-to-cart=47442\" aria-label=\"A\u00f1adir al carrito: &ldquo;Pedro Miralles. Dise\u00f1o y Emoci\u00f3n. El Legado de una d\u00e9cada (1983 \u2013 1993)&rdquo;\" data-quantity=\"1\" data-product_id=\"47442\" data-product_sku=\"MelMir\" data-price=\"23.75\" rel=\"nofollow\" class=\"wp-block-button__link  add_to_cart_button ajax_add_to_cart\">A\u00f1adir al carrito<\/a><\/div>\n\t\t\t<\/li><\/ul><\/div>\n\n\n<p><\/p>\n\n\n\n<p>NOTA:&nbsp;<em>Sill\u00f3n 115, de Pedro Miralles. Breve historia de un cl\u00e1sico,<\/em>&nbsp;es un art\u00edculo escrito pro la Dra. Pilar Mellado&nbsp;publicado en especial de Experimenta, dedicado al h\u00e1bitat con motivo de la Feria H\u00e1bitat Valencia 2018. M\u00e1s informaci\u00f3n sobre este n\u00famero&nbsp;<a href=\"https:\/\/www.experimenta.es\/noticias\/grafica-y-comunicacion\/experimenta-edita-un-numero-especial-consagrado-al-habitat\/\">aqu\u00ed<\/a>. Tambi\u00e9n puedes encontrar m\u00e1s de Pedro Miralles en el libro.&nbsp;<em>Pedro Miralles. Dise\u00f1o y Emoci\u00f3n. El legado de una d\u00e9cada (1983 \u2013 1993),&nbsp;<\/em>disponible en este&nbsp;<a href=\"https:\/\/www.experimenta.es\/eventos\/experimenta-edita-el-libro-pedro-miralles-diseno-y-emocion-legado-de-una-decada-1983-1993\/\">enlace<\/a>.<\/p>\n","protected":false},"excerpt":{"rendered":"<p>Pedro Miralles Claver&nbsp;(Valencia, 1955- 1993) inici\u00f3 su andadura por el mundo del&nbsp;dise\u00f1o industrial&nbsp;durante los primeros a\u00f1os de la d\u00e9cada de los ochenta. Tras finalizar sus estudios de arquitectura, y despu\u00e9s de trabajar unas temporadas para el famoso&nbsp;dise\u00f1ador de moda, Jes\u00fas del Pozo,funda su propio estudio de dise\u00f1o en la calle Canillas de Madrid, al que &hellip;<\/p>\n","protected":false},"author":1,"featured_media":56004,"comment_status":"open","ping_status":"open","sticky":false,"template":"","format":"standard","meta":{"footnotes":"","_jetpack_memberships_contains_paid_content":false},"categories":[9705],"tags":[1449,133],"jetpack_sharing_enabled":true,"jetpack_featured_media_url":"https:\/\/www.experimenta.es\/tienda\/wp-content\/uploads\/2019\/06\/blog-115-Miralles-prueba2.jpg","_links":{"self":[{"href":"https:\/\/www.experimenta.es\/tienda\/wp-json\/wp\/v2\/posts\/55610"}],"collection":[{"href":"https:\/\/www.experimenta.es\/tienda\/wp-json\/wp\/v2\/posts"}],"about":[{"href":"https:\/\/www.experimenta.es\/tienda\/wp-json\/wp\/v2\/types\/post"}],"author":[{"embeddable":true,"href":"https:\/\/www.experimenta.es\/tienda\/wp-json\/wp\/v2\/users\/1"}],"replies":[{"embeddable":true,"href":"https:\/\/www.experimenta.es\/tienda\/wp-json\/wp\/v2\/comments?post=55610"}],"version-history":[{"count":14,"href":"https:\/\/www.experimenta.es\/tienda\/wp-json\/wp\/v2\/posts\/55610\/revisions"}],"predecessor-version":[{"id":56995,"href":"https:\/\/www.experimenta.es\/tienda\/wp-json\/wp\/v2\/posts\/55610\/revisions\/56995"}],"wp:featuredmedia":[{"embeddable":true,"href":"https:\/\/www.experimenta.es\/tienda\/wp-json\/wp\/v2\/media\/56004"}],"wp:attachment":[{"href":"https:\/\/www.experimenta.es\/tienda\/wp-json\/wp\/v2\/media?parent=55610"}],"wp:term":[{"taxonomy":"category","embeddable":true,"href":"https:\/\/www.experimenta.es\/tienda\/wp-json\/wp\/v2\/categories?post=55610"},{"taxonomy":"post_tag","embeddable":true,"href":"https:\/\/www.experimenta.es\/tienda\/wp-json\/wp\/v2\/tags?post=55610"}],"curies":[{"name":"wp","href":"https:\/\/api.w.org\/{rel}","templated":true}]}}